{"id":2213,"count":13,"description":"Die Becher f\u00fcr Hei\u00df- und Kaltgetr\u00e4nke aus der Re-uz\u00ae-Reihe sind die am besten geeigneten Beh\u00e4lter f\u00fcr umweltbewusste Verbraucher: <strong>Verzehren Sie nur den Inhalt und nicht mehr den Inhalt und den Beh\u00e4lter<\/strong>. Diese langlebigen und wiederverwendbaren Becher sind eigentlich als Ersatz f\u00fcr Einwegbecher konzipiert. Ihre extreme Widerstandsf\u00e4higkeit, die M\u00f6glichkeit, sie \u00fcber einen f\u00fcr manche ergonomischen Deckel zu schlie\u00dfen, die M\u00f6glichkeit, sie vollst\u00e4ndig zu personalisieren ... Machen Sie sie <strong>n\u00fctzlich<\/strong>, <strong>untypisch<\/strong> und <strong>praktisch<\/strong> stark&gt;. Sowohl f\u00fcr den Au\u00dfenbereich als auch f\u00fcr den Innenbereich sind Re-uz\u00ae-Becher voll und ganz Teil einer umweltbewussteren Konsumweise.\r\n\r\n\r\n***\r\n\r\n[elementor-template id=\"7803\"]","link":"https:\/\/re-uz.com\/de\/produktkategorie\/gerichte-de\/glaser\/becher\/","name":"Anpassbare Hei\u00df- und Kaltgetr\u00e4nkebecher","slug":"becher","taxonomy":"product_cat","parent":2211,"meta":[],"acf":{"breadcrumb_title":""},"yoast_head":"<!-- This site is optimized with the Yoast SEO plugin v25.2 - https:\/\/yoast.com\/wordpress\/plugins\/seo\/ -->\n<title>Anpassbare Hei\u00df- und Kaltgetr\u00e4nkebecher - Re-uz<\/title>\n<meta name=\"description\" content=\"Auswahl an umweltfreundlichen Bechern zum Personalisieren \u2713Kauf und Miete \u2713 100 % wiederverwendbar und wiederverwendbar \u2713 Kalt-\/Hei\u00dfgetr\u00e4nke \u2713 Deckel und Kappen \u2713 360\u00b0 anpassbar \u2713 Stapelbar und leicht \u2713 Mehrweg und abfallfrei | Treten Sie der Re-uz\u00ae Zero Waste-Bewegung bei\" \/>\n<meta name=\"robots\" content=\"index, follow, max-snippet:-1, max-image-preview:large, max-video-preview:-1\" \/>\n<link rel=\"canonical\" href=\"https:\/\/re-uz.com\/de\/produktkategorie\/gerichte-de\/glaser\/becher\/\" \/>\n<meta property=\"og:locale\" content=\"de_DE\" \/>\n<meta property=\"og:type\" content=\"article\" \/>\n<meta property=\"og:title\" content=\"Anpassbare Hei\u00df- und Kaltgetr\u00e4nkebecher - Re-uz\" \/>\n<meta property=\"og:description\" content=\"Auswahl an umweltfreundlichen Bechern zum Personalisieren \u2713Kauf und Miete \u2713 100 % wiederverwendbar und wiederverwendbar \u2713 Kalt-\/Hei\u00dfgetr\u00e4nke \u2713 Deckel und Kappen \u2713 360\u00b0 anpassbar \u2713 Stapelbar und leicht \u2713 Mehrweg und abfallfrei | Treten Sie der Re-uz\u00ae Zero Waste-Bewegung bei\" \/>\n<meta property=\"og:url\" content=\"https:\/\/re-uz.com\/de\/produktkategorie\/gerichte-de\/glaser\/becher\/\" \/>\n<meta property=\"og:site_name\" content=\"Re-uz\" \/>\n<meta name=\"twitter:card\" content=\"summary_large_image\" \/>\n<script type=\"application\/ld+json\" class=\"yoast-schema-graph\">{\"@context\":\"https:\/\/schema.org\",\"@graph\":[{\"@type\":\"CollectionPage\",\"@id\":\"https:\/\/re-uz.com\/de\/produktkategorie\/gerichte-de\/glaser\/becher\/\",\"url\":\"https:\/\/re-uz.com\/de\/produktkategorie\/gerichte-de\/glaser\/becher\/\",\"name\":\"Anpassbare Hei\u00df- und Kaltgetr\u00e4nkebecher - Re-uz\",\"isPartOf\":{\"@id\":\"https:\/\/re-uz.com\/de\/#website\"},\"description\":\"Auswahl an umweltfreundlichen Bechern zum Personalisieren \u2713Kauf und Miete \u2713 100 % wiederverwendbar und wiederverwendbar \u2713 Kalt-\/Hei\u00dfgetr\u00e4nke \u2713 Deckel und Kappen \u2713 360\u00b0 anpassbar \u2713 Stapelbar und leicht \u2713 Mehrweg und abfallfrei | Treten Sie der Re-uz\u00ae Zero Waste-Bewegung bei\",\"breadcrumb\":{\"@id\":\"https:\/\/re-uz.com\/de\/produktkategorie\/gerichte-de\/glaser\/becher\/#breadcrumb\"},\"inLanguage\":\"de-DE\"},{\"@type\":\"BreadcrumbList\",\"@id\":\"https:\/\/re-uz.com\/de\/produktkategorie\/gerichte-de\/glaser\/becher\/#breadcrumb\",\"itemListElement\":[{\"@type\":\"ListItem\",\"position\":1,\"name\":\"Accueil\",\"item\":\"https:\/\/re-uz.com\/de\/\"},{\"@type\":\"ListItem\",\"position\":2,\"name\":\"Wiederverwendbares &amp; wiederverwendbares Geschirr\",\"item\":\"https:\/\/re-uz.com\/de\/produktkategorie\/gerichte-de\/\"},{\"@type\":\"ListItem\",\"position\":3,\"name\":\"Umweltfreundliche wiederverwendbare Gl\u00e4ser und Tassen\",\"item\":\"https:\/\/re-uz.com\/de\/produktkategorie\/gerichte-de\/glaser\/\"},{\"@type\":\"ListItem\",\"position\":4,\"name\":\"Anpassbare Hei\u00df- und Kaltgetr\u00e4nkebecher\"}]},{\"@type\":\"WebSite\",\"@id\":\"https:\/\/re-uz.com\/de\/#website\",\"url\":\"https:\/\/re-uz.com\/de\/\",\"name\":\"Re-uz\",\"description\":\"Rejoignez le mouvement z\u00e9ro-d\u00e9chet\",\"publisher\":{\"@id\":\"https:\/\/re-uz.com\/de\/#organization\"},\"alternateName\":\"Re-uz\",\"potentialAction\":[{\"@type\":\"SearchAction\",\"target\":{\"@type\":\"EntryPoint\",\"urlTemplate\":\"https:\/\/re-uz.com\/de\/?s={search_term_string}\"},\"query-input\":{\"@type\":\"PropertyValueSpecification\",\"valueRequired\":true,\"valueName\":\"search_term_string\"}}],\"inLanguage\":\"de-DE\"},{\"@type\":\"Organization\",\"@id\":\"https:\/\/re-uz.com\/de\/#organization\",\"name\":\"Re-uz\",\"url\":\"https:\/\/re-uz.com\/de\/\",\"logo\":{\"@type\":\"ImageObject\",\"inLanguage\":\"de-DE\",\"@id\":\"https:\/\/re-uz.com\/de\/#\/schema\/logo\/image\/\",\"url\":\"https:\/\/re-uz.com\/wp-content\/uploads\/2023\/10\/logo-header.svg\",\"contentUrl\":\"https:\/\/re-uz.com\/wp-content\/uploads\/2023\/10\/logo-header.svg\",\"width\":122,\"height\":50,\"caption\":\"Re-uz\"},\"image\":{\"@id\":\"https:\/\/re-uz.com\/de\/#\/schema\/logo\/image\/\"},\"sameAs\":[\"https:\/\/www.facebook.com\/reuzofficial\"]}]}<\/script>\n<!-- \/ Yoast SEO plugin. -->","yoast_head_json":{"title":"Anpassbare Hei\u00df- und Kaltgetr\u00e4nkebecher - Re-uz","description":"Auswahl an umweltfreundlichen Bechern zum Personalisieren \u2713Kauf und Miete \u2713 100 % wiederverwendbar und wiederverwendbar \u2713 Kalt-\/Hei\u00dfgetr\u00e4nke \u2713 Deckel und Kappen \u2713 360\u00b0 anpassbar \u2713 Stapelbar und leicht \u2713 Mehrweg und abfallfrei | Treten Sie der Re-uz\u00ae Zero Waste-Bewegung bei","robots":{"index":"index","follow":"follow","max-snippet":"max-snippet:-1","max-image-preview":"max-image-preview:large","max-video-preview":"max-video-preview:-1"},"canonical":"https:\/\/re-uz.com\/de\/produktkategorie\/gerichte-de\/glaser\/becher\/","og_locale":"de_DE","og_type":"article","og_title":"Anpassbare Hei\u00df- und Kaltgetr\u00e4nkebecher - Re-uz","og_description":"Auswahl an umweltfreundlichen Bechern zum Personalisieren \u2713Kauf und Miete \u2713 100 % wiederverwendbar und wiederverwendbar \u2713 Kalt-\/Hei\u00dfgetr\u00e4nke \u2713 Deckel und Kappen \u2713 360\u00b0 anpassbar \u2713 Stapelbar und leicht \u2713 Mehrweg und abfallfrei | Treten Sie der Re-uz\u00ae Zero Waste-Bewegung bei","og_url":"https:\/\/re-uz.com\/de\/produktkategorie\/gerichte-de\/glaser\/becher\/","og_site_name":"Re-uz","twitter_card":"summary_large_image","schema":{"@context":"https:\/\/schema.org","@graph":[{"@type":"CollectionPage","@id":"https:\/\/re-uz.com\/de\/produktkategorie\/gerichte-de\/glaser\/becher\/","url":"https:\/\/re-uz.com\/de\/produktkategorie\/gerichte-de\/glaser\/becher\/","name":"Anpassbare Hei\u00df- und Kaltgetr\u00e4nkebecher - Re-uz","isPartOf":{"@id":"https:\/\/re-uz.com\/de\/#website"},"description":"Auswahl an umweltfreundlichen Bechern zum Personalisieren \u2713Kauf und Miete \u2713 100 % wiederverwendbar und wiederverwendbar \u2713 Kalt-\/Hei\u00dfgetr\u00e4nke \u2713 Deckel und Kappen \u2713 360\u00b0 anpassbar \u2713 Stapelbar und leicht \u2713 Mehrweg und abfallfrei | Treten Sie der Re-uz\u00ae Zero Waste-Bewegung bei","breadcrumb":{"@id":"https:\/\/re-uz.com\/de\/produktkategorie\/gerichte-de\/glaser\/becher\/#breadcrumb"},"inLanguage":"de-DE"},{"@type":"BreadcrumbList","@id":"https:\/\/re-uz.com\/de\/produktkategorie\/gerichte-de\/glaser\/becher\/#breadcrumb","itemListElement":[{"@type":"ListItem","position":1,"name":"Accueil","item":"https:\/\/re-uz.com\/de\/"},{"@type":"ListItem","position":2,"name":"Wiederverwendbares &amp; wiederverwendbares Geschirr","item":"https:\/\/re-uz.com\/de\/produktkategorie\/gerichte-de\/"},{"@type":"ListItem","position":3,"name":"Umweltfreundliche wiederverwendbare Gl\u00e4ser und Tassen","item":"https:\/\/re-uz.com\/de\/produktkategorie\/gerichte-de\/glaser\/"},{"@type":"ListItem","position":4,"name":"Anpassbare Hei\u00df- und Kaltgetr\u00e4nkebecher"}]},{"@type":"WebSite","@id":"https:\/\/re-uz.com\/de\/#website","url":"https:\/\/re-uz.com\/de\/","name":"Re-uz","description":"Rejoignez le mouvement z\u00e9ro-d\u00e9chet","publisher":{"@id":"https:\/\/re-uz.com\/de\/#organization"},"alternateName":"Re-uz","potentialAction":[{"@type":"SearchAction","target":{"@type":"EntryPoint","urlTemplate":"https:\/\/re-uz.com\/de\/?s={search_term_string}"},"query-input":{"@type":"PropertyValueSpecification","valueRequired":true,"valueName":"search_term_string"}}],"inLanguage":"de-DE"},{"@type":"Organization","@id":"https:\/\/re-uz.com\/de\/#organization","name":"Re-uz","url":"https:\/\/re-uz.com\/de\/","logo":{"@type":"ImageObject","inLanguage":"de-DE","@id":"https:\/\/re-uz.com\/de\/#\/schema\/logo\/image\/","url":"https:\/\/re-uz.com\/wp-content\/uploads\/2023\/10\/logo-header.svg","contentUrl":"https:\/\/re-uz.com\/wp-content\/uploads\/2023\/10\/logo-header.svg","width":122,"height":50,"caption":"Re-uz"},"image":{"@id":"https:\/\/re-uz.com\/de\/#\/schema\/logo\/image\/"},"sameAs":["https:\/\/www.facebook.com\/reuzofficial"]}]}},"_links":{"self":[{"href":"https:\/\/re-uz.com\/de\/wp-json\/wp\/v2\/product_cat\/2213","targetHints":{"allow":["GET"]}}],"collection":[{"href":"https:\/\/re-uz.com\/de\/wp-json\/wp\/v2\/product_cat"}],"about":[{"href":"https:\/\/re-uz.com\/de\/wp-json\/wp\/v2\/taxonomies\/product_cat"}],"up":[{"embeddable":true,"href":"https:\/\/re-uz.com\/de\/wp-json\/wp\/v2\/product_cat\/2211"}],"wp:post_type":[{"href":"https:\/\/re-uz.com\/de\/wp-json\/wp\/v2\/product?product_cat=2213"}],"curies":[{"name":"wp","href":"https:\/\/api.w.org\/{rel}","templated":true}]}}